{"id":400,"date":"2025-02-10T14:45:36","date_gmt":"2025-02-10T13:45:36","guid":{"rendered":"https:\/\/evangelinefont.fr\/?p=400"},"modified":"2025-02-19T15:37:02","modified_gmt":"2025-02-19T14:37:02","slug":"je-suis-arrivee-en-trainant-ce-sac-merveilleu-lourd-et-rempli-de-trucs-ii","status":"publish","type":"post","link":"https:\/\/evangelinefont.fr\/index.php\/2025\/02\/10\/je-suis-arrivee-en-trainant-ce-sac-merveilleu-lourd-et-rempli-de-trucs-ii\/","title":{"rendered":"\u00ab\u00a0Je suis arriv\u00e9e en trainant ce sac merveilleux, lourd et rempli de trucs\u00a0\u00bb II"},"content":{"rendered":"\n<div class=\"wp-block-group alignfull is-vertical is-layout-flex wp-container-core-group-is-layout-f2d7c37b wp-block-group-is-layout-flex\" style=\"margin-top:0;margin-bottom:0;padding-top:0;padding-right:0;padding-bottom:0;padding-left:0\">\n<div class=\"wp-block-group post-img is-layout-flow wp-block-group-is-layout-flow\">\n<p class=\"has-contrast-2-color has-text-color has-link-color has-small-font-size wp-elements-7ef015846b34a7d7c18cc2fcf2531aef\">\u00ab\u00a0Je suis arriv\u00e9e en trainant ce sac merveilleux, lourd et rempli de trucs\u00a0\u00bb II, 2025 &#8211; \u00ab\u00a0Notre part belle\u00a0\u00bb La Rel\u00e8ve 7, Marseille \u00a9 Jean Christophe Lett<\/p>\n\n\n\n<figure class=\"wp-block-image size-full\"><img loading=\"lazy\" decoding=\"async\" width=\"2560\" height=\"1707\" src=\"https:\/\/evangelinefont.fr\/wp-content\/uploads\/2025\/02\/013_La-Releve-7_72dpi_\u00a9-Louise-Lett-\u00a9-Jean-Christophe-Lett-scaled.jpg\" alt=\"\" class=\"wp-image-978\" srcset=\"https:\/\/evangelinefont.fr\/wp-content\/uploads\/2025\/02\/013_La-Releve-7_72dpi_\u00a9-Louise-Lett-\u00a9-Jean-Christophe-Lett-scaled.jpg 2560w, https:\/\/evangelinefont.fr\/wp-content\/uploads\/2025\/02\/013_La-Releve-7_72dpi_\u00a9-Louise-Lett-\u00a9-Jean-Christophe-Lett-300x200.jpg 300w, https:\/\/evangelinefont.fr\/wp-content\/uploads\/2025\/02\/013_La-Releve-7_72dpi_\u00a9-Louise-Lett-\u00a9-Jean-Christophe-Lett-1024x683.jpg 1024w, https:\/\/evangelinefont.fr\/wp-content\/uploads\/2025\/02\/013_La-Releve-7_72dpi_\u00a9-Louise-Lett-\u00a9-Jean-Christophe-Lett-768x512.jpg 768w, https:\/\/evangelinefont.fr\/wp-content\/uploads\/2025\/02\/013_La-Releve-7_72dpi_\u00a9-Louise-Lett-\u00a9-Jean-Christophe-Lett-1536x1024.jpg 1536w, https:\/\/evangelinefont.fr\/wp-content\/uploads\/2025\/02\/013_La-Releve-7_72dpi_\u00a9-Louise-Lett-\u00a9-Jean-Christophe-Lett-2048x1365.jpg 2048w, https:\/\/evangelinefont.fr\/wp-content\/uploads\/2025\/02\/013_La-Releve-7_72dpi_\u00a9-Louise-Lett-\u00a9-Jean-Christophe-Lett-500x333.jpg 500w, https:\/\/evangelinefont.fr\/wp-content\/uploads\/2025\/02\/013_La-Releve-7_72dpi_\u00a9-Louise-Lett-\u00a9-Jean-Christophe-Lett-800x533.jpg 800w, https:\/\/evangelinefont.fr\/wp-content\/uploads\/2025\/02\/013_La-Releve-7_72dpi_\u00a9-Louise-Lett-\u00a9-Jean-Christophe-Lett-1280x853.jpg 1280w, https:\/\/evangelinefont.fr\/wp-content\/uploads\/2025\/02\/013_La-Releve-7_72dpi_\u00a9-Louise-Lett-\u00a9-Jean-Christophe-Lett-1920x1280.jpg 1920w\" sizes=\"auto, (max-width: 2560px) 100vw, 2560px\" \/><\/figure>\n<\/div>\n\n\n\n<div class=\"wp-block-group post-img is-layout-flow wp-block-group-is-layout-flow\">\n<p class=\"has-contrast-2-color has-text-color has-link-color has-small-font-size wp-elements-618506357d35b6906b0477b07656348e\">\u00a9 Evangeline Font<\/p>\n\n\n\n<figure class=\"wp-block-image size-full\"><img loading=\"lazy\" decoding=\"async\" width=\"2560\" height=\"1707\" src=\"https:\/\/evangelinefont.fr\/wp-content\/uploads\/2025\/02\/bidon_rat_gun_grenouille-scaled.jpg\" alt=\"\" class=\"wp-image-980\" srcset=\"https:\/\/evangelinefont.fr\/wp-content\/uploads\/2025\/02\/bidon_rat_gun_grenouille-scaled.jpg 2560w, https:\/\/evangelinefont.fr\/wp-content\/uploads\/2025\/02\/bidon_rat_gun_grenouille-300x200.jpg 300w, https:\/\/evangelinefont.fr\/wp-content\/uploads\/2025\/02\/bidon_rat_gun_grenouille-1024x683.jpg 1024w, https:\/\/evangelinefont.fr\/wp-content\/uploads\/2025\/02\/bidon_rat_gun_grenouille-768x512.jpg 768w, https:\/\/evangelinefont.fr\/wp-content\/uploads\/2025\/02\/bidon_rat_gun_grenouille-1536x1024.jpg 1536w, https:\/\/evangelinefont.fr\/wp-content\/uploads\/2025\/02\/bidon_rat_gun_grenouille-2048x1365.jpg 2048w, https:\/\/evangelinefont.fr\/wp-content\/uploads\/2025\/02\/bidon_rat_gun_grenouille-500x333.jpg 500w, https:\/\/evangelinefont.fr\/wp-content\/uploads\/2025\/02\/bidon_rat_gun_grenouille-800x533.jpg 800w, https:\/\/evangelinefont.fr\/wp-content\/uploads\/2025\/02\/bidon_rat_gun_grenouille-1280x853.jpg 1280w, https:\/\/evangelinefont.fr\/wp-content\/uploads\/2025\/02\/bidon_rat_gun_grenouille-1920x1280.jpg 1920w\" sizes=\"auto, (max-width: 2560px) 100vw, 2560px\" \/><\/figure>\n<\/div>\n\n\n\n<div class=\"wp-block-group post-img is-layout-flow wp-block-group-is-layout-flow\">\n<figure class=\"wp-block-image size-full\"><img loading=\"lazy\" decoding=\"async\" width=\"2560\" height=\"1707\" src=\"https:\/\/evangelinefont.fr\/wp-content\/uploads\/2025\/02\/faon_tete_fiole-scaled.jpg\" alt=\"\" class=\"wp-image-982\" srcset=\"https:\/\/evangelinefont.fr\/wp-content\/uploads\/2025\/02\/faon_tete_fiole-scaled.jpg 2560w, https:\/\/evangelinefont.fr\/wp-content\/uploads\/2025\/02\/faon_tete_fiole-300x200.jpg 300w, https:\/\/evangelinefont.fr\/wp-content\/uploads\/2025\/02\/faon_tete_fiole-1024x683.jpg 1024w, https:\/\/evangelinefont.fr\/wp-content\/uploads\/2025\/02\/faon_tete_fiole-768x512.jpg 768w\" sizes=\"auto, (max-width: 2560px) 100vw, 2560px\" \/><\/figure>\n\n\n\n<p class=\"has-base-2-color has-text-color has-link-color has-small-font-size wp-elements-1ceaaf2ccf5e3aae98e6ae0a308eb286\"><\/p>\n<\/div>\n\n\n\n<div class=\"wp-block-group post-img is-layout-flow wp-block-group-is-layout-flow\">\n<p class=\"has-base-2-color has-text-color has-link-color has-small-font-size wp-elements-1ceaaf2ccf5e3aae98e6ae0a308eb286\"><\/p>\n\n\n\n<figure class=\"wp-block-image size-full\"><img loading=\"lazy\" decoding=\"async\" width=\"2560\" height=\"1706\" src=\"https:\/\/evangelinefont.fr\/wp-content\/uploads\/2025\/02\/vers_mantereligieuse-scaled.jpg\" alt=\"\" class=\"wp-image-988\" srcset=\"https:\/\/evangelinefont.fr\/wp-content\/uploads\/2025\/02\/vers_mantereligieuse-scaled.jpg 2560w, https:\/\/evangelinefont.fr\/wp-content\/uploads\/2025\/02\/vers_mantereligieuse-300x200.jpg 300w, https:\/\/evangelinefont.fr\/wp-content\/uploads\/2025\/02\/vers_mantereligieuse-1024x683.jpg 1024w, https:\/\/evangelinefont.fr\/wp-content\/uploads\/2025\/02\/vers_mantereligieuse-768x512.jpg 768w\" sizes=\"auto, (max-width: 2560px) 100vw, 2560px\" \/><\/figure>\n<\/div>\n\n\n\n<div class=\"wp-block-group post-img is-layout-flow wp-block-group-is-layout-flow\">\n<figure class=\"wp-block-image size-full\"><img loading=\"lazy\" decoding=\"async\" width=\"2560\" height=\"1707\" src=\"https:\/\/evangelinefont.fr\/wp-content\/uploads\/2025\/02\/rat_gun1-scaled.jpg\" alt=\"\" class=\"wp-image-986\" srcset=\"https:\/\/evangelinefont.fr\/wp-content\/uploads\/2025\/02\/rat_gun1-scaled.jpg 2560w, https:\/\/evangelinefont.fr\/wp-content\/uploads\/2025\/02\/rat_gun1-300x200.jpg 300w, https:\/\/evangelinefont.fr\/wp-content\/uploads\/2025\/02\/rat_gun1-1024x683.jpg 1024w, https:\/\/evangelinefont.fr\/wp-content\/uploads\/2025\/02\/rat_gun1-768x512.jpg 768w, https:\/\/evangelinefont.fr\/wp-content\/uploads\/2025\/02\/rat_gun1-1536x1024.jpg 1536w, https:\/\/evangelinefont.fr\/wp-content\/uploads\/2025\/02\/rat_gun1-2048x1365.jpg 2048w, https:\/\/evangelinefont.fr\/wp-content\/uploads\/2025\/02\/rat_gun1-500x333.jpg 500w, https:\/\/evangelinefont.fr\/wp-content\/uploads\/2025\/02\/rat_gun1-800x533.jpg 800w, https:\/\/evangelinefont.fr\/wp-content\/uploads\/2025\/02\/rat_gun1-1280x853.jpg 1280w, https:\/\/evangelinefont.fr\/wp-content\/uploads\/2025\/02\/rat_gun1-1920x1280.jpg 1920w\" sizes=\"auto, (max-width: 2560px) 100vw, 2560px\" \/><\/figure>\n\n\n\n<p class=\"has-base-2-color has-text-color has-link-color has-small-font-size wp-elements-1ceaaf2ccf5e3aae98e6ae0a308eb286\"><\/p>\n<\/div>\n\n\n\n<div class=\"wp-block-group post-img is-layout-flow wp-block-group-is-layout-flow\">\n<p class=\"has-base-2-color has-text-color has-link-color has-small-font-size wp-elements-1ceaaf2ccf5e3aae98e6ae0a308eb286\"><\/p>\n\n\n\n<figure class=\"wp-block-image size-full\"><img loading=\"lazy\" decoding=\"async\" width=\"2560\" height=\"1707\" src=\"https:\/\/evangelinefont.fr\/wp-content\/uploads\/2025\/02\/ratzoom-scaled.jpg\" alt=\"\" class=\"wp-image-987\" srcset=\"https:\/\/evangelinefont.fr\/wp-content\/uploads\/2025\/02\/ratzoom-scaled.jpg 2560w, https:\/\/evangelinefont.fr\/wp-content\/uploads\/2025\/02\/ratzoom-300x200.jpg 300w, https:\/\/evangelinefont.fr\/wp-content\/uploads\/2025\/02\/ratzoom-1024x683.jpg 1024w, https:\/\/evangelinefont.fr\/wp-content\/uploads\/2025\/02\/ratzoom-768x512.jpg 768w, https:\/\/evangelinefont.fr\/wp-content\/uploads\/2025\/02\/ratzoom-1536x1024.jpg 1536w, https:\/\/evangelinefont.fr\/wp-content\/uploads\/2025\/02\/ratzoom-2048x1365.jpg 2048w, https:\/\/evangelinefont.fr\/wp-content\/uploads\/2025\/02\/ratzoom-500x333.jpg 500w, https:\/\/evangelinefont.fr\/wp-content\/uploads\/2025\/02\/ratzoom-800x533.jpg 800w, https:\/\/evangelinefont.fr\/wp-content\/uploads\/2025\/02\/ratzoom-1280x853.jpg 1280w, https:\/\/evangelinefont.fr\/wp-content\/uploads\/2025\/02\/ratzoom-1920x1280.jpg 1920w\" sizes=\"auto, (max-width: 2560px) 100vw, 2560px\" \/><\/figure>\n<\/div>\n\n\n\n<div class=\"wp-block-group post-img is-layout-flow wp-block-group-is-layout-flow\">\n<p class=\"has-base-2-color has-text-color has-link-color has-small-font-size wp-elements-f4fd71a43f6cc62258716b08f0cbd1c8\">soie, r\u00e9sine, mue de serpent, cire \u00e0 \u00e9piler, c\u00e9ramique, distillation,insectes, anti limace, rhizome d&rsquo;iris, glyc\u00e9rine, champignon, aluminium, b\u00e9ton.<\/p>\n\n\n\n<figure class=\"wp-block-image size-full\"><img loading=\"lazy\" decoding=\"async\" width=\"2560\" height=\"1707\" src=\"https:\/\/evangelinefont.fr\/wp-content\/uploads\/2025\/02\/grenouille1-copie-scaled.jpg\" alt=\"\" class=\"wp-image-984\" srcset=\"https:\/\/evangelinefont.fr\/wp-content\/uploads\/2025\/02\/grenouille1-copie-scaled.jpg 2560w, https:\/\/evangelinefont.fr\/wp-content\/uploads\/2025\/02\/grenouille1-copie-300x200.jpg 300w, https:\/\/evangelinefont.fr\/wp-content\/uploads\/2025\/02\/grenouille1-copie-1024x683.jpg 1024w, https:\/\/evangelinefont.fr\/wp-content\/uploads\/2025\/02\/grenouille1-copie-768x512.jpg 768w, https:\/\/evangelinefont.fr\/wp-content\/uploads\/2025\/02\/grenouille1-copie-1536x1024.jpg 1536w, https:\/\/evangelinefont.fr\/wp-content\/uploads\/2025\/02\/grenouille1-copie-2048x1365.jpg 2048w, https:\/\/evangelinefont.fr\/wp-content\/uploads\/2025\/02\/grenouille1-copie-500x333.jpg 500w, https:\/\/evangelinefont.fr\/wp-content\/uploads\/2025\/02\/grenouille1-copie-800x533.jpg 800w, https:\/\/evangelinefont.fr\/wp-content\/uploads\/2025\/02\/grenouille1-copie-1280x853.jpg 1280w, https:\/\/evangelinefont.fr\/wp-content\/uploads\/2025\/02\/grenouille1-copie-1920x1280.jpg 1920w\" sizes=\"auto, (max-width: 2560px) 100vw, 2560px\" \/><\/figure>\n<\/div>\n<\/div>\n","protected":false},"excerpt":{"rendered":"<p>\u00ab\u00a0Je suis arriv\u00e9e en trainant ce sac merveilleux, lourd et rempli de trucs\u00a0\u00bb II, 2025 &#8211; \u00ab\u00a0Notre part belle\u00a0\u00bb La Rel\u00e8ve 7, Marseille \u00a9 Jean Christophe Lett \u00a9 Evangeline Font soie, r\u00e9sine, mue de serpent, cire \u00e0 \u00e9piler, c\u00e9ramique, distillation,insectes, anti limace, rhizome d&rsquo;iris, glyc\u00e9rine, champignon, aluminium, b\u00e9ton.<\/p>\n","protected":false},"author":1,"featured_media":0,"comment_status":"closed","ping_status":"closed","sticky":false,"template":"","format":"standard","meta":{"footnotes":""},"categories":[1],"tags":[],"class_list":["post-400","post","type-post","status-publish","format-standard","hentry","category-non-classe"],"_links":{"self":[{"href":"https:\/\/evangelinefont.fr\/index.php\/wp-json\/wp\/v2\/posts\/400","targetHints":{"allow":["GET"]}}],"collection":[{"href":"https:\/\/evangelinefont.fr\/index.php\/wp-json\/wp\/v2\/posts"}],"about":[{"href":"https:\/\/evangelinefont.fr\/index.php\/wp-json\/wp\/v2\/types\/post"}],"author":[{"embeddable":true,"href":"https:\/\/evangelinefont.fr\/index.php\/wp-json\/wp\/v2\/users\/1"}],"replies":[{"embeddable":true,"href":"https:\/\/evangelinefont.fr\/index.php\/wp-json\/wp\/v2\/comments?post=400"}],"version-history":[{"count":11,"href":"https:\/\/evangelinefont.fr\/index.php\/wp-json\/wp\/v2\/posts\/400\/revisions"}],"predecessor-version":[{"id":994,"href":"https:\/\/evangelinefont.fr\/index.php\/wp-json\/wp\/v2\/posts\/400\/revisions\/994"}],"wp:attachment":[{"href":"https:\/\/evangelinefont.fr\/index.php\/wp-json\/wp\/v2\/media?parent=400"}],"wp:term":[{"taxonomy":"category","embeddable":true,"href":"https:\/\/evangelinefont.fr\/index.php\/wp-json\/wp\/v2\/categories?post=400"},{"taxonomy":"post_tag","embeddable":true,"href":"https:\/\/evangelinefont.fr\/index.php\/wp-json\/wp\/v2\/tags?post=400"}],"curies":[{"name":"wp","href":"https:\/\/api.w.org\/{rel}","templated":true}]}}