{"id":402,"date":"2025-02-10T14:40:55","date_gmt":"2025-02-10T13:40:55","guid":{"rendered":"https:\/\/evangelinefont.fr\/?p=402"},"modified":"2025-02-13T12:50:45","modified_gmt":"2025-02-13T11:50:45","slug":"rever-na-jamais-ete-aussi-accessible","status":"publish","type":"post","link":"https:\/\/evangelinefont.fr\/index.php\/2025\/02\/10\/rever-na-jamais-ete-aussi-accessible\/","title":{"rendered":"R\u00eaver n&rsquo;a jamais \u00e9t\u00e9 aussi accessible"},"content":{"rendered":"\n<div class=\"wp-block-group alignfull is-vertical is-layout-flex wp-container-core-group-is-layout-f2d7c37b wp-block-group-is-layout-flex\" style=\"margin-top:0;margin-bottom:0;padding-top:0;padding-right:0;padding-bottom:0;padding-left:0\">\n<div class=\"wp-block-group post-img is-layout-flow wp-block-group-is-layout-flow\">\n<p class=\"has-base-2-color has-text-color has-link-color has-small-font-size wp-elements-f884584cad2b032aafdd9ea322b4065e\"><em>R\u00eaver n\u2019a jamais \u00e9t\u00e9 aussi accessible<\/em>, 2024<\/p>\n\n\n\n<figure class=\"wp-block-image aligncenter size-full is-resized\"><img loading=\"lazy\" decoding=\"async\" width=\"2560\" height=\"1707\" src=\"https:\/\/evangelinefont.fr\/wp-content\/uploads\/2025\/02\/IMG_7610-scaled.jpeg\" alt=\"\" class=\"wp-image-473\" style=\"width:887px;height:auto\" srcset=\"https:\/\/evangelinefont.fr\/wp-content\/uploads\/2025\/02\/IMG_7610-scaled.jpeg 2560w, https:\/\/evangelinefont.fr\/wp-content\/uploads\/2025\/02\/IMG_7610-300x200.jpeg 300w, https:\/\/evangelinefont.fr\/wp-content\/uploads\/2025\/02\/IMG_7610-1024x683.jpeg 1024w, https:\/\/evangelinefont.fr\/wp-content\/uploads\/2025\/02\/IMG_7610-768x512.jpeg 768w, https:\/\/evangelinefont.fr\/wp-content\/uploads\/2025\/02\/IMG_7610-1536x1024.jpeg 1536w, https:\/\/evangelinefont.fr\/wp-content\/uploads\/2025\/02\/IMG_7610-2048x1365.jpeg 2048w, https:\/\/evangelinefont.fr\/wp-content\/uploads\/2025\/02\/IMG_7610-500x333.jpeg 500w, https:\/\/evangelinefont.fr\/wp-content\/uploads\/2025\/02\/IMG_7610-800x533.jpeg 800w, https:\/\/evangelinefont.fr\/wp-content\/uploads\/2025\/02\/IMG_7610-1280x853.jpeg 1280w, https:\/\/evangelinefont.fr\/wp-content\/uploads\/2025\/02\/IMG_7610-1920x1280.jpeg 1920w\" sizes=\"auto, (max-width: 2560px) 100vw, 2560px\" \/><\/figure>\n<\/div>\n\n\n\n<div class=\"wp-block-group post-img is-layout-flow wp-block-group-is-layout-flow\">\n<p class=\"has-base-2-color has-text-color has-link-color has-small-font-size wp-elements-4a9e85ab1604f054d685311f1fde1e27\">\u00a9 Jean Christophe Lett <\/p>\n\n\n\n<figure class=\"wp-block-image size-full\" style=\"margin-top:0;margin-bottom:0\"><img loading=\"lazy\" decoding=\"async\" width=\"1512\" height=\"2268\" src=\"https:\/\/evangelinefont.fr\/wp-content\/uploads\/2025\/02\/310_Villa-Arson_26sept24_72dpi\u00a9-Jean-Christophe-Lett-1.png\" alt=\"\" class=\"wp-image-679\" srcset=\"https:\/\/evangelinefont.fr\/wp-content\/uploads\/2025\/02\/310_Villa-Arson_26sept24_72dpi\u00a9-Jean-Christophe-Lett-1.png 1512w, https:\/\/evangelinefont.fr\/wp-content\/uploads\/2025\/02\/310_Villa-Arson_26sept24_72dpi\u00a9-Jean-Christophe-Lett-1-200x300.png 200w, https:\/\/evangelinefont.fr\/wp-content\/uploads\/2025\/02\/310_Villa-Arson_26sept24_72dpi\u00a9-Jean-Christophe-Lett-1-683x1024.png 683w, https:\/\/evangelinefont.fr\/wp-content\/uploads\/2025\/02\/310_Villa-Arson_26sept24_72dpi\u00a9-Jean-Christophe-Lett-1-768x1152.png 768w, https:\/\/evangelinefont.fr\/wp-content\/uploads\/2025\/02\/310_Villa-Arson_26sept24_72dpi\u00a9-Jean-Christophe-Lett-1-1024x1536.png 1024w, https:\/\/evangelinefont.fr\/wp-content\/uploads\/2025\/02\/310_Villa-Arson_26sept24_72dpi\u00a9-Jean-Christophe-Lett-1-1365x2048.png 1365w, https:\/\/evangelinefont.fr\/wp-content\/uploads\/2025\/02\/310_Villa-Arson_26sept24_72dpi\u00a9-Jean-Christophe-Lett-1-500x750.png 500w, https:\/\/evangelinefont.fr\/wp-content\/uploads\/2025\/02\/310_Villa-Arson_26sept24_72dpi\u00a9-Jean-Christophe-Lett-1-800x1200.png 800w, https:\/\/evangelinefont.fr\/wp-content\/uploads\/2025\/02\/310_Villa-Arson_26sept24_72dpi\u00a9-Jean-Christophe-Lett-1-1280x1920.png 1280w\" sizes=\"auto, (max-width: 1512px) 100vw, 1512px\" \/><\/figure>\n<\/div>\n\n\n\n<div class=\"wp-block-group post-img is-layout-flow wp-block-group-is-layout-flow\">\n<p class=\"has-base-2-color has-text-color has-link-color has-small-font-size wp-elements-c7d1d8bb62189beeae8237d992d4c7d2\">\u00a9 Jean Christophe Lett<\/p>\n\n\n\n<figure class=\"wp-block-image size-full\" style=\"margin-top:0;margin-bottom:0\"><img loading=\"lazy\" decoding=\"async\" width=\"1512\" height=\"2268\" src=\"https:\/\/evangelinefont.fr\/wp-content\/uploads\/2025\/02\/312_Villa-Arson_26sept24_72dpi\u00a9-Jean-Christophe-Lett-1.jpg\" alt=\"\" class=\"wp-image-680\" srcset=\"https:\/\/evangelinefont.fr\/wp-content\/uploads\/2025\/02\/312_Villa-Arson_26sept24_72dpi\u00a9-Jean-Christophe-Lett-1.jpg 1512w, https:\/\/evangelinefont.fr\/wp-content\/uploads\/2025\/02\/312_Villa-Arson_26sept24_72dpi\u00a9-Jean-Christophe-Lett-1-200x300.jpg 200w, https:\/\/evangelinefont.fr\/wp-content\/uploads\/2025\/02\/312_Villa-Arson_26sept24_72dpi\u00a9-Jean-Christophe-Lett-1-683x1024.jpg 683w, https:\/\/evangelinefont.fr\/wp-content\/uploads\/2025\/02\/312_Villa-Arson_26sept24_72dpi\u00a9-Jean-Christophe-Lett-1-768x1152.jpg 768w, https:\/\/evangelinefont.fr\/wp-content\/uploads\/2025\/02\/312_Villa-Arson_26sept24_72dpi\u00a9-Jean-Christophe-Lett-1-1024x1536.jpg 1024w, https:\/\/evangelinefont.fr\/wp-content\/uploads\/2025\/02\/312_Villa-Arson_26sept24_72dpi\u00a9-Jean-Christophe-Lett-1-1365x2048.jpg 1365w, https:\/\/evangelinefont.fr\/wp-content\/uploads\/2025\/02\/312_Villa-Arson_26sept24_72dpi\u00a9-Jean-Christophe-Lett-1-500x750.jpg 500w, https:\/\/evangelinefont.fr\/wp-content\/uploads\/2025\/02\/312_Villa-Arson_26sept24_72dpi\u00a9-Jean-Christophe-Lett-1-800x1200.jpg 800w, https:\/\/evangelinefont.fr\/wp-content\/uploads\/2025\/02\/312_Villa-Arson_26sept24_72dpi\u00a9-Jean-Christophe-Lett-1-1280x1920.jpg 1280w\" sizes=\"auto, (max-width: 1512px) 100vw, 1512px\" \/><\/figure>\n<\/div>\n\n\n\n<div class=\"wp-block-group post-img is-layout-flow wp-block-group-is-layout-flow\">\n<p class=\"has-base-2-color has-text-color has-link-color has-small-font-size wp-elements-9eb99d4ac422d086aab20f1dd0b61a84\">Bois, soie, cire, r\u00e9sine, aluminium, b\u00e9ton &#8211; Exposition \u00abSweet days of discipline\u00bb &#8211; Centre d\u2019art de la Villa Arson, Nice<\/p>\n\n\n\n<figure class=\"wp-block-image size-full\" style=\"margin-top:0;margin-bottom:0\"><img loading=\"lazy\" decoding=\"async\" width=\"2560\" height=\"1707\" src=\"https:\/\/evangelinefont.fr\/wp-content\/uploads\/2025\/02\/IMG_7455-scaled.jpeg\" alt=\"\" class=\"wp-image-682\" srcset=\"https:\/\/evangelinefont.fr\/wp-content\/uploads\/2025\/02\/IMG_7455-scaled.jpeg 2560w, https:\/\/evangelinefont.fr\/wp-content\/uploads\/2025\/02\/IMG_7455-300x200.jpeg 300w, https:\/\/evangelinefont.fr\/wp-content\/uploads\/2025\/02\/IMG_7455-1024x683.jpeg 1024w, https:\/\/evangelinefont.fr\/wp-content\/uploads\/2025\/02\/IMG_7455-768x512.jpeg 768w, https:\/\/evangelinefont.fr\/wp-content\/uploads\/2025\/02\/IMG_7455-1536x1024.jpeg 1536w, https:\/\/evangelinefont.fr\/wp-content\/uploads\/2025\/02\/IMG_7455-2048x1365.jpeg 2048w, https:\/\/evangelinefont.fr\/wp-content\/uploads\/2025\/02\/IMG_7455-500x333.jpeg 500w, https:\/\/evangelinefont.fr\/wp-content\/uploads\/2025\/02\/IMG_7455-800x533.jpeg 800w, https:\/\/evangelinefont.fr\/wp-content\/uploads\/2025\/02\/IMG_7455-1280x853.jpeg 1280w, https:\/\/evangelinefont.fr\/wp-content\/uploads\/2025\/02\/IMG_7455-1920x1280.jpeg 1920w\" sizes=\"auto, (max-width: 2560px) 100vw, 2560px\" \/><\/figure>\n<\/div>\n<\/div>\n","protected":false},"excerpt":{"rendered":"<p>R\u00eaver n\u2019a jamais \u00e9t\u00e9 aussi accessible, 2024 \u00a9 Jean Christophe Lett \u00a9 Jean Christophe Lett Bois, soie, cire, r\u00e9sine, aluminium, b\u00e9ton &#8211; Exposition \u00abSweet days of discipline\u00bb &#8211; Centre d\u2019art de la Villa Arson, Nice<\/p>\n","protected":false},"author":1,"featured_media":0,"comment_status":"closed","ping_status":"closed","sticky":false,"template":"","format":"standard","meta":{"footnotes":""},"categories":[1],"tags":[],"class_list":["post-402","post","type-post","status-publish","format-standard","hentry","category-non-classe"],"_links":{"self":[{"href":"https:\/\/evangelinefont.fr\/index.php\/wp-json\/wp\/v2\/posts\/402","targetHints":{"allow":["GET"]}}],"collection":[{"href":"https:\/\/evangelinefont.fr\/index.php\/wp-json\/wp\/v2\/posts"}],"about":[{"href":"https:\/\/evangelinefont.fr\/index.php\/wp-json\/wp\/v2\/types\/post"}],"author":[{"embeddable":true,"href":"https:\/\/evangelinefont.fr\/index.php\/wp-json\/wp\/v2\/users\/1"}],"replies":[{"embeddable":true,"href":"https:\/\/evangelinefont.fr\/index.php\/wp-json\/wp\/v2\/comments?post=402"}],"version-history":[{"count":24,"href":"https:\/\/evangelinefont.fr\/index.php\/wp-json\/wp\/v2\/posts\/402\/revisions"}],"predecessor-version":[{"id":826,"href":"https:\/\/evangelinefont.fr\/index.php\/wp-json\/wp\/v2\/posts\/402\/revisions\/826"}],"wp:attachment":[{"href":"https:\/\/evangelinefont.fr\/index.php\/wp-json\/wp\/v2\/media?parent=402"}],"wp:term":[{"taxonomy":"category","embeddable":true,"href":"https:\/\/evangelinefont.fr\/index.php\/wp-json\/wp\/v2\/categories?post=402"},{"taxonomy":"post_tag","embeddable":true,"href":"https:\/\/evangelinefont.fr\/index.php\/wp-json\/wp\/v2\/tags?post=402"}],"curies":[{"name":"wp","href":"https:\/\/api.w.org\/{rel}","templated":true}]}}