{"id":404,"date":"2025-01-29T14:41:10","date_gmt":"2025-01-29T13:41:10","guid":{"rendered":"https:\/\/evangelinefont.fr\/?p=404"},"modified":"2025-02-13T13:16:44","modified_gmt":"2025-02-13T12:16:44","slug":"elles-vivaient-dans-des-habitats-naturels","status":"publish","type":"post","link":"https:\/\/evangelinefont.fr\/index.php\/2025\/01\/29\/elles-vivaient-dans-des-habitats-naturels\/","title":{"rendered":"Elles vivaient dans des habitats naturels"},"content":{"rendered":"\n<div class=\"wp-block-group alignfull is-vertical is-layout-flex wp-container-core-group-is-layout-f2d7c37b wp-block-group-is-layout-flex\" style=\"margin-top:0;margin-bottom:0;padding-top:0;padding-right:0;padding-bottom:0;padding-left:0\">\n<div class=\"wp-block-group post-img is-layout-flow wp-block-group-is-layout-flow\">\n<p class=\"has-base-2-color has-text-color has-link-color has-small-font-size wp-elements-165eecb428844a9870077d62a66d6545\"><em>Elles vivaient dans des habitats naturels<\/em>, 2023<\/p>\n\n\n\n<figure class=\"wp-block-image size-full\" style=\"margin-top:0;margin-right:0;margin-bottom:0;margin-left:0\"><img loading=\"lazy\" decoding=\"async\" width=\"2560\" height=\"1707\" src=\"https:\/\/evangelinefont.fr\/wp-content\/uploads\/2025\/01\/grenouillesurcoussin-scaled.jpg\" alt=\"\" class=\"wp-image-581\" srcset=\"https:\/\/evangelinefont.fr\/wp-content\/uploads\/2025\/01\/grenouillesurcoussin-scaled.jpg 2560w, https:\/\/evangelinefont.fr\/wp-content\/uploads\/2025\/01\/grenouillesurcoussin-300x200.jpg 300w, https:\/\/evangelinefont.fr\/wp-content\/uploads\/2025\/01\/grenouillesurcoussin-1024x683.jpg 1024w, https:\/\/evangelinefont.fr\/wp-content\/uploads\/2025\/01\/grenouillesurcoussin-768x512.jpg 768w, https:\/\/evangelinefont.fr\/wp-content\/uploads\/2025\/01\/grenouillesurcoussin-1536x1024.jpg 1536w, https:\/\/evangelinefont.fr\/wp-content\/uploads\/2025\/01\/grenouillesurcoussin-2048x1365.jpg 2048w, https:\/\/evangelinefont.fr\/wp-content\/uploads\/2025\/01\/grenouillesurcoussin-500x333.jpg 500w, https:\/\/evangelinefont.fr\/wp-content\/uploads\/2025\/01\/grenouillesurcoussin-800x533.jpg 800w, https:\/\/evangelinefont.fr\/wp-content\/uploads\/2025\/01\/grenouillesurcoussin-1280x853.jpg 1280w, https:\/\/evangelinefont.fr\/wp-content\/uploads\/2025\/01\/grenouillesurcoussin-1920x1280.jpg 1920w\" sizes=\"auto, (max-width: 2560px) 100vw, 2560px\" \/><\/figure>\n<\/div>\n\n\n\n<div class=\"wp-block-group post-img is-layout-flow wp-block-group-is-layout-flow\">\n<p class=\"has-base-2-color has-text-color has-link-color has-small-font-size wp-elements-141578b3607163d18845946953546060\">Soie, cire \u00e0 \u00e9piler, vers s\u00e9ch\u00e9s, b\u00e9ton, eau, Villa Arson, Nice  \u00a9Evangeline Font<\/p>\n\n\n\n<figure class=\"wp-block-image size-full\" style=\"margin-top:0;margin-right:0;margin-bottom:0;margin-left:0\"><img loading=\"lazy\" decoding=\"async\" width=\"2560\" height=\"1707\" src=\"https:\/\/evangelinefont.fr\/wp-content\/uploads\/2025\/01\/Y0A9409-scaled.jpg\" alt=\"\" class=\"wp-image-579\" srcset=\"https:\/\/evangelinefont.fr\/wp-content\/uploads\/2025\/01\/Y0A9409-scaled.jpg 2560w, https:\/\/evangelinefont.fr\/wp-content\/uploads\/2025\/01\/Y0A9409-300x200.jpg 300w, https:\/\/evangelinefont.fr\/wp-content\/uploads\/2025\/01\/Y0A9409-1024x683.jpg 1024w, https:\/\/evangelinefont.fr\/wp-content\/uploads\/2025\/01\/Y0A9409-768x512.jpg 768w, https:\/\/evangelinefont.fr\/wp-content\/uploads\/2025\/01\/Y0A9409-1536x1024.jpg 1536w, https:\/\/evangelinefont.fr\/wp-content\/uploads\/2025\/01\/Y0A9409-2048x1365.jpg 2048w, https:\/\/evangelinefont.fr\/wp-content\/uploads\/2025\/01\/Y0A9409-500x333.jpg 500w, https:\/\/evangelinefont.fr\/wp-content\/uploads\/2025\/01\/Y0A9409-800x533.jpg 800w, https:\/\/evangelinefont.fr\/wp-content\/uploads\/2025\/01\/Y0A9409-1280x853.jpg 1280w, https:\/\/evangelinefont.fr\/wp-content\/uploads\/2025\/01\/Y0A9409-1920x1280.jpg 1920w\" sizes=\"auto, (max-width: 2560px) 100vw, 2560px\" \/><\/figure>\n<\/div>\n\n\n\n<figure class=\"wp-block-video\"><video height=\"1080\" style=\"aspect-ratio: 1920 \/ 1080;\" width=\"1920\" controls poster=\"https:\/\/evangelinefont.fr\/wp-content\/uploads\/2025\/01\/Capture-decran-2025-02-13-a-11.55.23.png\" src=\"https:\/\/evangelinefont.fr\/wp-content\/uploads\/2025\/01\/A-lere-de-la-grenouille-sauvage-vostfr.mp4\" playsinline><\/video><\/figure>\n<\/div>\n","protected":false},"excerpt":{"rendered":"<p>Elles vivaient dans des habitats naturels, 2023 Soie, cire \u00e0 \u00e9piler, vers s\u00e9ch\u00e9s, b\u00e9ton, eau, Villa Arson, Nice \u00a9Evangeline Font<\/p>\n","protected":false},"author":1,"featured_media":0,"comment_status":"closed","ping_status":"closed","sticky":false,"template":"","format":"standard","meta":{"footnotes":""},"categories":[1],"tags":[],"class_list":["post-404","post","type-post","status-publish","format-standard","hentry","category-non-classe"],"_links":{"self":[{"href":"https:\/\/evangelinefont.fr\/index.php\/wp-json\/wp\/v2\/posts\/404","targetHints":{"allow":["GET"]}}],"collection":[{"href":"https:\/\/evangelinefont.fr\/index.php\/wp-json\/wp\/v2\/posts"}],"about":[{"href":"https:\/\/evangelinefont.fr\/index.php\/wp-json\/wp\/v2\/types\/post"}],"author":[{"embeddable":true,"href":"https:\/\/evangelinefont.fr\/index.php\/wp-json\/wp\/v2\/users\/1"}],"replies":[{"embeddable":true,"href":"https:\/\/evangelinefont.fr\/index.php\/wp-json\/wp\/v2\/comments?post=404"}],"version-history":[{"count":9,"href":"https:\/\/evangelinefont.fr\/index.php\/wp-json\/wp\/v2\/posts\/404\/revisions"}],"predecessor-version":[{"id":839,"href":"https:\/\/evangelinefont.fr\/index.php\/wp-json\/wp\/v2\/posts\/404\/revisions\/839"}],"wp:attachment":[{"href":"https:\/\/evangelinefont.fr\/index.php\/wp-json\/wp\/v2\/media?parent=404"}],"wp:term":[{"taxonomy":"category","embeddable":true,"href":"https:\/\/evangelinefont.fr\/index.php\/wp-json\/wp\/v2\/categories?post=404"},{"taxonomy":"post_tag","embeddable":true,"href":"https:\/\/evangelinefont.fr\/index.php\/wp-json\/wp\/v2\/tags?post=404"}],"curies":[{"name":"wp","href":"https:\/\/api.w.org\/{rel}","templated":true}]}}