{"id":408,"date":"2025-01-30T14:41:35","date_gmt":"2025-01-30T13:41:35","guid":{"rendered":"https:\/\/evangelinefont.fr\/?p=408"},"modified":"2025-02-19T15:27:44","modified_gmt":"2025-02-19T14:27:44","slug":"mirage","status":"publish","type":"post","link":"https:\/\/evangelinefont.fr\/index.php\/2025\/01\/30\/mirage\/","title":{"rendered":"Mirage"},"content":{"rendered":"\n<div class=\"wp-block-group alignfull is-vertical is-layout-flex wp-container-core-group-is-layout-f2d7c37b wp-block-group-is-layout-flex\" style=\"margin-top:0;margin-bottom:0;padding-top:0;padding-right:0;padding-bottom:0;padding-left:0\">\n<div class=\"wp-block-group post-img is-layout-flow wp-block-group-is-layout-flow\">\n<p class=\"has-base-2-color has-text-color has-link-color has-small-font-size wp-elements-7d833647d3547e891c7048b3acca8588\"><em>Mirages, <\/em>2023<\/p>\n\n\n\n<figure class=\"wp-block-image size-full\"><img loading=\"lazy\" decoding=\"async\" width=\"2560\" height=\"1707\" src=\"https:\/\/evangelinefont.fr\/wp-content\/uploads\/2025\/01\/Y0A9392-scaled.jpg\" alt=\"\" class=\"wp-image-798\" srcset=\"https:\/\/evangelinefont.fr\/wp-content\/uploads\/2025\/01\/Y0A9392-scaled.jpg 2560w, https:\/\/evangelinefont.fr\/wp-content\/uploads\/2025\/01\/Y0A9392-300x200.jpg 300w, https:\/\/evangelinefont.fr\/wp-content\/uploads\/2025\/01\/Y0A9392-1024x683.jpg 1024w, https:\/\/evangelinefont.fr\/wp-content\/uploads\/2025\/01\/Y0A9392-768x512.jpg 768w, https:\/\/evangelinefont.fr\/wp-content\/uploads\/2025\/01\/Y0A9392-1536x1024.jpg 1536w, https:\/\/evangelinefont.fr\/wp-content\/uploads\/2025\/01\/Y0A9392-2048x1365.jpg 2048w, https:\/\/evangelinefont.fr\/wp-content\/uploads\/2025\/01\/Y0A9392-500x333.jpg 500w, https:\/\/evangelinefont.fr\/wp-content\/uploads\/2025\/01\/Y0A9392-800x533.jpg 800w, https:\/\/evangelinefont.fr\/wp-content\/uploads\/2025\/01\/Y0A9392-1280x853.jpg 1280w, https:\/\/evangelinefont.fr\/wp-content\/uploads\/2025\/01\/Y0A9392-1920x1280.jpg 1920w\" sizes=\"auto, (max-width: 2560px) 100vw, 2560px\" \/><\/figure>\n<\/div>\n\n\n\n<div class=\"wp-block-group post-img is-layout-flow wp-block-group-is-layout-flow\">\n<p class=\"has-base-2-color has-text-color has-link-color has-small-font-size wp-elements-1ceaaf2ccf5e3aae98e6ae0a308eb286\"><\/p>\n\n\n\n<figure class=\"wp-block-image size-full\"><img loading=\"lazy\" decoding=\"async\" width=\"2560\" height=\"1707\" src=\"https:\/\/evangelinefont.fr\/wp-content\/uploads\/2025\/01\/entredeuxmatelas-scaled.jpg\" alt=\"\" class=\"wp-image-799\" srcset=\"https:\/\/evangelinefont.fr\/wp-content\/uploads\/2025\/01\/entredeuxmatelas-scaled.jpg 2560w, https:\/\/evangelinefont.fr\/wp-content\/uploads\/2025\/01\/entredeuxmatelas-300x200.jpg 300w, https:\/\/evangelinefont.fr\/wp-content\/uploads\/2025\/01\/entredeuxmatelas-1024x683.jpg 1024w, https:\/\/evangelinefont.fr\/wp-content\/uploads\/2025\/01\/entredeuxmatelas-768x512.jpg 768w, https:\/\/evangelinefont.fr\/wp-content\/uploads\/2025\/01\/entredeuxmatelas-1536x1024.jpg 1536w, https:\/\/evangelinefont.fr\/wp-content\/uploads\/2025\/01\/entredeuxmatelas-2048x1365.jpg 2048w, https:\/\/evangelinefont.fr\/wp-content\/uploads\/2025\/01\/entredeuxmatelas-500x333.jpg 500w, https:\/\/evangelinefont.fr\/wp-content\/uploads\/2025\/01\/entredeuxmatelas-800x533.jpg 800w, https:\/\/evangelinefont.fr\/wp-content\/uploads\/2025\/01\/entredeuxmatelas-1280x853.jpg 1280w, https:\/\/evangelinefont.fr\/wp-content\/uploads\/2025\/01\/entredeuxmatelas-1920x1280.jpg 1920w\" sizes=\"auto, (max-width: 2560px) 100vw, 2560px\" \/><\/figure>\n<\/div>\n\n\n\n<div class=\"wp-block-group post-img is-layout-flow wp-block-group-is-layout-flow\">\n<p class=\"has-base-2-color has-text-color has-link-color has-small-font-size wp-elements-1ceaaf2ccf5e3aae98e6ae0a308eb286\"><\/p>\n\n\n\n<figure class=\"wp-block-image size-full\"><img loading=\"lazy\" decoding=\"async\" width=\"2560\" height=\"1709\" src=\"https:\/\/evangelinefont.fr\/wp-content\/uploads\/2025\/01\/duomatelas-zoom-2-scaled.jpg\" alt=\"\" class=\"wp-image-650\" srcset=\"https:\/\/evangelinefont.fr\/wp-content\/uploads\/2025\/01\/duomatelas-zoom-2-scaled.jpg 2560w, https:\/\/evangelinefont.fr\/wp-content\/uploads\/2025\/01\/duomatelas-zoom-2-300x200.jpg 300w, https:\/\/evangelinefont.fr\/wp-content\/uploads\/2025\/01\/duomatelas-zoom-2-1024x683.jpg 1024w, https:\/\/evangelinefont.fr\/wp-content\/uploads\/2025\/01\/duomatelas-zoom-2-768x513.jpg 768w, https:\/\/evangelinefont.fr\/wp-content\/uploads\/2025\/01\/duomatelas-zoom-2-1536x1025.jpg 1536w\" sizes=\"auto, (max-width: 2560px) 100vw, 2560px\" \/><\/figure>\n<\/div>\n\n\n\n<div class=\"wp-block-group post-img is-layout-flow wp-block-group-is-layout-flow\">\n<p class=\"has-base-2-color has-text-color has-link-color has-small-font-size wp-elements-98351a06c7defb904b1060dd375378d5\"><br><\/p>\n\n\n\n<figure class=\"wp-block-image size-full\"><img loading=\"lazy\" decoding=\"async\" width=\"2560\" height=\"1709\" src=\"https:\/\/evangelinefont.fr\/wp-content\/uploads\/2025\/01\/matelas-rouille-scaled.jpg\" alt=\"\" class=\"wp-image-802\" srcset=\"https:\/\/evangelinefont.fr\/wp-content\/uploads\/2025\/01\/matelas-rouille-scaled.jpg 2560w, https:\/\/evangelinefont.fr\/wp-content\/uploads\/2025\/01\/matelas-rouille-300x200.jpg 300w, https:\/\/evangelinefont.fr\/wp-content\/uploads\/2025\/01\/matelas-rouille-1024x683.jpg 1024w, https:\/\/evangelinefont.fr\/wp-content\/uploads\/2025\/01\/matelas-rouille-768x513.jpg 768w, https:\/\/evangelinefont.fr\/wp-content\/uploads\/2025\/01\/matelas-rouille-1536x1025.jpg 1536w\" sizes=\"auto, (max-width: 2560px) 100vw, 2560px\" \/><\/figure>\n<\/div>\n\n\n\n<div class=\"wp-block-group post-img is-layout-flow wp-block-group-is-layout-flow\">\n<figure class=\"wp-block-image size-full\"><img loading=\"lazy\" decoding=\"async\" width=\"2560\" height=\"1707\" src=\"https:\/\/evangelinefont.fr\/wp-content\/uploads\/2025\/01\/matelas-symbiose-scaled.jpeg\" alt=\"\" class=\"wp-image-800\" srcset=\"https:\/\/evangelinefont.fr\/wp-content\/uploads\/2025\/01\/matelas-symbiose-scaled.jpeg 2560w, https:\/\/evangelinefont.fr\/wp-content\/uploads\/2025\/01\/matelas-symbiose-300x200.jpeg 300w, https:\/\/evangelinefont.fr\/wp-content\/uploads\/2025\/01\/matelas-symbiose-1024x683.jpeg 1024w, https:\/\/evangelinefont.fr\/wp-content\/uploads\/2025\/01\/matelas-symbiose-768x512.jpeg 768w, https:\/\/evangelinefont.fr\/wp-content\/uploads\/2025\/01\/matelas-symbiose-1536x1024.jpeg 1536w, https:\/\/evangelinefont.fr\/wp-content\/uploads\/2025\/01\/matelas-symbiose-2048x1365.jpeg 2048w, https:\/\/evangelinefont.fr\/wp-content\/uploads\/2025\/01\/matelas-symbiose-500x333.jpeg 500w, https:\/\/evangelinefont.fr\/wp-content\/uploads\/2025\/01\/matelas-symbiose-800x533.jpeg 800w, https:\/\/evangelinefont.fr\/wp-content\/uploads\/2025\/01\/matelas-symbiose-1280x853.jpeg 1280w, https:\/\/evangelinefont.fr\/wp-content\/uploads\/2025\/01\/matelas-symbiose-1920x1280.jpeg 1920w\" sizes=\"auto, (max-width: 2560px) 100vw, 2560px\" \/><\/figure>\n\n\n\n<p class=\"has-base-2-color has-text-color has-link-color has-small-font-size wp-elements-1ceaaf2ccf5e3aae98e6ae0a308eb286\"><\/p>\n<\/div>\n\n\n\n<div class=\"wp-block-group post-img is-layout-flow wp-block-group-is-layout-flow\">\n<figure class=\"wp-block-image size-full\"><img loading=\"lazy\" decoding=\"async\" width=\"2560\" height=\"1707\" src=\"https:\/\/evangelinefont.fr\/wp-content\/uploads\/2025\/01\/matelasor-zoom-scaled.jpg\" alt=\"\" class=\"wp-image-797\" srcset=\"https:\/\/evangelinefont.fr\/wp-content\/uploads\/2025\/01\/matelasor-zoom-scaled.jpg 2560w, https:\/\/evangelinefont.fr\/wp-content\/uploads\/2025\/01\/matelasor-zoom-300x200.jpg 300w, https:\/\/evangelinefont.fr\/wp-content\/uploads\/2025\/01\/matelasor-zoom-1024x683.jpg 1024w, https:\/\/evangelinefont.fr\/wp-content\/uploads\/2025\/01\/matelasor-zoom-768x512.jpg 768w, https:\/\/evangelinefont.fr\/wp-content\/uploads\/2025\/01\/matelasor-zoom-1536x1024.jpg 1536w, https:\/\/evangelinefont.fr\/wp-content\/uploads\/2025\/01\/matelasor-zoom-2048x1365.jpg 2048w, https:\/\/evangelinefont.fr\/wp-content\/uploads\/2025\/01\/matelasor-zoom-500x333.jpg 500w, https:\/\/evangelinefont.fr\/wp-content\/uploads\/2025\/01\/matelasor-zoom-800x533.jpg 800w, https:\/\/evangelinefont.fr\/wp-content\/uploads\/2025\/01\/matelasor-zoom-1280x853.jpg 1280w, https:\/\/evangelinefont.fr\/wp-content\/uploads\/2025\/01\/matelasor-zoom-1920x1280.jpg 1920w\" sizes=\"auto, (max-width: 2560px) 100vw, 2560px\" \/><\/figure>\n\n\n\n<p class=\"has-base-2-color has-text-color has-link-color has-small-font-size wp-elements-45b406d5578b96e1efca67b22e1a39ee\">Soie, flacons \u00e0 injection, cire, kombucha, mue de serpent, sable, champignon de la m\u00e9moire, aluminium, b\u00e9ton, eau, Villa Arson, Nice \u00a9Evangeline Font<\/p>\n<\/div>\n<\/div>\n","protected":false},"excerpt":{"rendered":"<p>Mirages, 2023 Soie, flacons \u00e0 injection, cire, kombucha, mue de serpent, sable, champignon de la m\u00e9moire, aluminium, b\u00e9ton, eau, Villa Arson, Nice \u00a9Evangeline Font<\/p>\n","protected":false},"author":1,"featured_media":0,"comment_status":"closed","ping_status":"closed","sticky":false,"template":"","format":"standard","meta":{"footnotes":""},"categories":[1],"tags":[],"class_list":["post-408","post","type-post","status-publish","format-standard","hentry","category-non-classe"],"_links":{"self":[{"href":"https:\/\/evangelinefont.fr\/index.php\/wp-json\/wp\/v2\/posts\/408","targetHints":{"allow":["GET"]}}],"collection":[{"href":"https:\/\/evangelinefont.fr\/index.php\/wp-json\/wp\/v2\/posts"}],"about":[{"href":"https:\/\/evangelinefont.fr\/index.php\/wp-json\/wp\/v2\/types\/post"}],"author":[{"embeddable":true,"href":"https:\/\/evangelinefont.fr\/index.php\/wp-json\/wp\/v2\/users\/1"}],"replies":[{"embeddable":true,"href":"https:\/\/evangelinefont.fr\/index.php\/wp-json\/wp\/v2\/comments?post=408"}],"version-history":[{"count":8,"href":"https:\/\/evangelinefont.fr\/index.php\/wp-json\/wp\/v2\/posts\/408\/revisions"}],"predecessor-version":[{"id":991,"href":"https:\/\/evangelinefont.fr\/index.php\/wp-json\/wp\/v2\/posts\/408\/revisions\/991"}],"wp:attachment":[{"href":"https:\/\/evangelinefont.fr\/index.php\/wp-json\/wp\/v2\/media?parent=408"}],"wp:term":[{"taxonomy":"category","embeddable":true,"href":"https:\/\/evangelinefont.fr\/index.php\/wp-json\/wp\/v2\/categories?post=408"},{"taxonomy":"post_tag","embeddable":true,"href":"https:\/\/evangelinefont.fr\/index.php\/wp-json\/wp\/v2\/tags?post=408"}],"curies":[{"name":"wp","href":"https:\/\/api.w.org\/{rel}","templated":true}]}}